{"id":1895,"date":"2026-01-13T16:04:13","date_gmt":"2026-01-13T15:04:13","guid":{"rendered":"https:\/\/www.kortrijksport.com\/kks\/?p=1895"},"modified":"2026-01-13T16:05:45","modified_gmt":"2026-01-13T15:05:45","slug":"provinciaal-kampioenschap-cross-2","status":"publish","type":"post","link":"https:\/\/www.kortrijksport.com\/kks\/2026\/01\/provinciaal-kampioenschap-cross-2\/","title":{"rendered":"Provinciaal Kampioenschap cross"},"content":{"rendered":"<p>Van gladde wegen zoals vorige week was er deze keer gelukkig geen sprake.<br \/>\nHoewel koude temperaturen werden voorspeld, bleef neerslag uit en nam de wind pas in de late namiddag wat toe. De kou viel uiteindelijk goed mee en niemand had klachten. Zich dik aankleden om te lopen was niet nodig: heel wat van onze atleten verschenen gewoon in topje of singlet aan de start, sommigen weliswaar met handschoenen erbij.<\/p>\n<p>Na de jeugdwedstrijden was het tijd voor het echte werk, en KKS liet zich opnieuw van zijn beste kant zien!<\/p>\n<p><strong>Chapeau voor onze zes KKS-cadettenmeisjes<\/strong> bij de start van de tweedejaars. Niet allemaal pure afstandsloopsters, maar wel een hechte groep die graag samen wedstrijden loopt.<br \/>\n<strong>Ella<\/strong> <strong>Lachat<\/strong>, <strong>Ine<\/strong> <strong>Gaerminck<\/strong>, <strong>Nora<\/strong> <strong>Houttekier<\/strong>, <strong>Emme<\/strong> <strong>Vansteenkiste<\/strong> en <strong>Marthe<\/strong> <strong>Decock<\/strong> liepen elk een sterke wedstrijd op hun eigen niveau.<br \/>\n<strong>Aude<\/strong> <strong>Degryse<\/strong> bevestigde haar goede vorm en mocht, net als op het PK indoor, opnieuw het podium op met een <strong>bronzen medaille<\/strong>.<\/p>\n<p>Ook bij de <strong>eerstejaars cadetten<\/strong> stonden zes KKS-atleten aan de start: <strong>Stan<\/strong> <strong>Debaere<\/strong>, <strong>Florian<\/strong> <strong>Verschaetse<\/strong>, <strong>Alexander<\/strong> <strong>De<\/strong> <strong>Witte<\/strong>, <strong>Achiel<\/strong> <strong>Laperre<\/strong>, <strong>Wout<\/strong> <strong>Vandevenne<\/strong> en <strong>Jasper<\/strong> <strong>Demeulemeester<\/strong>. Zij stonden meer dan hun mannetje, zeker als je weet dat het voor sommigen hun allereerste cross was. Knap gedaan!<\/p>\n<p>Bij de tweedejaars was het net niet voor <strong>Emiel<\/strong> <strong>Vanslambrouck<\/strong>, die als vierde finishte en zo de \u2018chocoladen\u2019 medaille in ontvangst nam.<br \/>\nBij de <strong>eerstejaars scholieren<\/strong> zorgde <strong>Fons<\/strong> <strong>Vandoorn<\/strong> voor opnieuw <strong>brons aan de meet<\/strong>.<br \/>\nTweedejaars <strong>Bjarne<\/strong> <strong>Gaerminck<\/strong> en <strong>Ferre<\/strong> <strong>Vandoorn<\/strong> liepen eveneens een verdienstelijke en strijdlustige cross.<\/p>\n<p>Toen <strong>senior Florens Maricau<\/strong> aan de start verscheen, stak de wind nog een tandje bij en werd het echt ijzig koud. Maar <strong>Florens<\/strong> liet zich niet uit zijn lood slaan. Hij startte gecontroleerd, liet de snelle starters hun gang gaan en begon daarna aan een indrukwekkende inhaalrace. E\u00e9n voor \u00e9\u00e9n raapte hij zijn tegenstanders op en zo knokte hij zich knap naar de <strong>derde plaats<\/strong>. Resultaat: een <strong>derde bronzen medaille voor KKS<\/strong>!<\/p>\n<p>Volgende afspraak: het <strong>Kampioenschap van Vlaanderen voor cadetten en scholieren<\/strong>, waar we met <strong>zes KKS-atleten<\/strong> aan de start zullen staan. We kijken er nu al naar uit!<\/p>\n<table style=\"height: 477px;\" width=\"470\">\n<tbody>\n<tr>\n<td width=\"129\">\n<pre>\u00a0Bjarne Gaereminck<\/pre>\n<\/td>\n<td width=\"127\">\n<pre>SCH-M - 800m<\/pre>\n<\/td>\n<td width=\"111\">\n<pre>Scholier Mannen<\/pre>\n<\/td>\n<\/tr>\n<tr>\n<td width=\"129\">\n<pre>\u00a0Ferre Vandoorn<\/pre>\n<\/td>\n<td width=\"127\">\n<pre>SCH-M - 60mH<\/pre>\n<\/td>\n<td width=\"111\">\n<pre>Scholier Mannen<\/pre>\n<\/td>\n<\/tr>\n<tr>\n<td width=\"129\">\n<pre><\/pre>\n<\/td>\n<td width=\"127\">\n<pre>SCH-M - Polsstok<\/pre>\n<\/td>\n<td width=\"111\">\n<pre><\/pre>\n<\/td>\n<\/tr>\n<tr>\n<td width=\"129\">\n<pre>\u00a0Fons Vandoorn<\/pre>\n<\/td>\n<td width=\"127\">\n<pre>SCH-M - 800m<\/pre>\n<\/td>\n<td width=\"111\">\n<pre>Scholier Mannen<\/pre>\n<\/td>\n<\/tr>\n<tr>\n<td width=\"129\">\n<pre>\u00a0Gilles Vanneste<\/pre>\n<\/td>\n<td width=\"127\">\n<pre>SCH-M - 800m<\/pre>\n<\/td>\n<td width=\"111\">\n<pre>Scholier Mannen<\/pre>\n<\/td>\n<\/tr>\n<tr>\n<td width=\"129\">\n<pre>\u00a0Ine Gaereminck<\/pre>\n<\/td>\n<td width=\"127\">\n<pre>CAD-V - 400m<\/pre>\n<\/td>\n<td width=\"111\">\n<pre>Cadet Vrouwen<\/pre>\n<\/td>\n<\/tr>\n<tr>\n<td width=\"129\">\n<pre>\u00a0Aude Degryse<\/pre>\n<\/td>\n<td width=\"127\">\n<pre>CAD-V - 800m<\/pre>\n<\/td>\n<td width=\"111\">\n<pre>Cadet Vrouwen<\/pre>\n<\/td>\n<\/tr>\n<\/tbody>\n<\/table>\n<p>Ferre staat als 1<sup>ste<\/sup> op de reservelijst bij het polsstokspringen<\/p>\n<p><strong>Volg het kampioenschap via de<\/strong><br \/>\n&#8211; livestream : <a href=\"https:\/\/www.youtube.com\/live\/QhXzwT13cNU\">https:\/\/www.youtube.com\/live\/QhXzwT13cNU<\/a><br \/>\n&#8211; live-results : <a href=\"https:\/\/www.atletiek.nu\/wedstrijd\/uitslagen\/43587\/\">https:\/\/www.atletiek.nu\/wedstrijd\/uitslagen\/43587\/<\/a><\/p>\n<p>&nbsp;<\/p>\n<p><img loading=\"lazy\" decoding=\"async\" class=\"wp-image-1896 alignleft\" src=\"https:\/\/www.kortrijksport.com\/kks\/wp-content\/uploads\/2026\/01\/Florens.jpg\" alt=\"\" width=\"331\" height=\"331\" srcset=\"https:\/\/www.kortrijksport.com\/kks\/wp-content\/uploads\/2026\/01\/Florens.jpg 2000w, https:\/\/www.kortrijksport.com\/kks\/wp-content\/uploads\/2026\/01\/Florens-300x300.jpg 300w, https:\/\/www.kortrijksport.com\/kks\/wp-content\/uploads\/2026\/01\/Florens-1024x1024.jpg 1024w, https:\/\/www.kortrijksport.com\/kks\/wp-content\/uploads\/2026\/01\/Florens-150x150.jpg 150w, https:\/\/www.kortrijksport.com\/kks\/wp-content\/uploads\/2026\/01\/Florens-768x768.jpg 768w, https:\/\/www.kortrijksport.com\/kks\/wp-content\/uploads\/2026\/01\/Florens-1536x1536.jpg 1536w\" sizes=\"auto, (max-width: 331px) 100vw, 331px\" \/> <img loading=\"lazy\" decoding=\"async\" class=\"wp-image-1897 alignleft\" src=\"https:\/\/www.kortrijksport.com\/kks\/wp-content\/uploads\/2026\/01\/Fons.jpg\" alt=\"\" width=\"261\" height=\"326\" srcset=\"https:\/\/www.kortrijksport.com\/kks\/wp-content\/uploads\/2026\/01\/Fons.jpg 1149w, https:\/\/www.kortrijksport.com\/kks\/wp-content\/uploads\/2026\/01\/Fons-240x300.jpg 240w, https:\/\/www.kortrijksport.com\/kks\/wp-content\/uploads\/2026\/01\/Fons-820x1024.jpg 820w, https:\/\/www.kortrijksport.com\/kks\/wp-content\/uploads\/2026\/01\/Fons-768x959.jpg 768w\" sizes=\"auto, (max-width: 261px) 100vw, 261px\" \/><img loading=\"lazy\" decoding=\"async\" class=\"wp-image-1899 alignleft\" src=\"https:\/\/www.kortrijksport.com\/kks\/wp-content\/uploads\/2026\/01\/Aude.jpg\" alt=\"\" width=\"255\" height=\"330\" srcset=\"https:\/\/www.kortrijksport.com\/kks\/wp-content\/uploads\/2026\/01\/Aude.jpg 1045w, https:\/\/www.kortrijksport.com\/kks\/wp-content\/uploads\/2026\/01\/Aude-232x300.jpg 232w, https:\/\/www.kortrijksport.com\/kks\/wp-content\/uploads\/2026\/01\/Aude-792x1024.jpg 792w, https:\/\/www.kortrijksport.com\/kks\/wp-content\/uploads\/2026\/01\/Aude-768x993.jpg 768w\" sizes=\"auto, (max-width: 255px) 100vw, 255px\" \/><\/p>\n","protected":false},"excerpt":{"rendered":"<p>Van gladde wegen zoals vorige week was er deze keer gelukkig geen sprake. Hoewel koude temperaturen werden voorspeld, bleef neerslag uit en nam de wind pas in de late namiddag wat toe. De kou viel uiteindelijk goed mee en niemand had klachten. Zich dik aankleden om te lopen was niet nodig: heel wat van onze [&hellip;]<\/p>\n","protected":false},"author":12,"featured_media":1898,"comment_status":"closed","ping_status":"closed","sticky":false,"template":"","format":"standard","meta":{"_acf_changed":false,"footnotes":""},"categories":[9],"tags":[],"class_list":["post-1895","post","type-post","status-publish","format-standard","has-post-thumbnail","hentry","category-blog"],"acf":[],"yoast_head":"<!-- This site is optimized with the Yoast SEO plugin v27.4 - https:\/\/yoast.com\/product\/yoast-seo-wordpress\/ -->\n<title>Provinciaal Kampioenschap cross | KKS<\/title>\n<meta name=\"robots\" content=\"index, follow, max-snippet:-1, max-image-preview:large, max-video-preview:-1\" \/>\n<link rel=\"canonical\" href=\"https:\/\/www.kortrijksport.com\/kks\/2026\/01\/provinciaal-kampioenschap-cross-2\/\" \/>\n<meta property=\"og:locale\" content=\"nl_BE\" \/>\n<meta property=\"og:type\" content=\"article\" \/>\n<meta property=\"og:title\" content=\"Provinciaal Kampioenschap cross | KKS\" \/>\n<meta property=\"og:description\" content=\"Van gladde wegen zoals vorige week was er deze keer gelukkig geen sprake. Hoewel koude temperaturen werden voorspeld, bleef neerslag uit en nam de wind pas in de late namiddag wat toe. De kou viel uiteindelijk goed mee en niemand had klachten. Zich dik aankleden om te lopen was niet nodig: heel wat van onze [&hellip;]\" \/>\n<meta property=\"og:url\" content=\"https:\/\/www.kortrijksport.com\/kks\/2026\/01\/provinciaal-kampioenschap-cross-2\/\" \/>\n<meta property=\"og:site_name\" content=\"KKS\" \/>\n<meta property=\"article:publisher\" content=\"https:\/\/www.facebook.com\/KKS.Kortrijk\" \/>\n<meta property=\"article:published_time\" content=\"2026-01-13T15:04:13+00:00\" \/>\n<meta property=\"article:modified_time\" content=\"2026-01-13T15:05:45+00:00\" \/>\n<meta property=\"og:image\" content=\"https:\/\/www.kortrijksport.com\/kks\/wp-content\/uploads\/2026\/01\/meisjes-cadetten.jpg\" \/>\n\t<meta property=\"og:image:width\" content=\"1105\" \/>\n\t<meta property=\"og:image:height\" content=\"990\" \/>\n\t<meta property=\"og:image:type\" content=\"image\/jpeg\" \/>\n<meta name=\"author\" content=\"Katrien Vanwolleghem\" \/>\n<meta name=\"twitter:card\" content=\"summary_large_image\" \/>\n<meta name=\"twitter:label1\" content=\"Geschreven door\" \/>\n\t<meta name=\"twitter:data1\" content=\"Katrien Vanwolleghem\" \/>\n\t<meta name=\"twitter:label2\" content=\"Geschatte leestijd\" \/>\n\t<meta name=\"twitter:data2\" content=\"3 minuten\" \/>\n<script type=\"application\/ld+json\" class=\"yoast-schema-graph\">{\"@context\":\"https:\\\/\\\/schema.org\",\"@graph\":[{\"@type\":\"NewsArticle\",\"@id\":\"https:\\\/\\\/www.kortrijksport.com\\\/kks\\\/2026\\\/01\\\/provinciaal-kampioenschap-cross-2\\\/#article\",\"isPartOf\":{\"@id\":\"https:\\\/\\\/www.kortrijksport.com\\\/kks\\\/2026\\\/01\\\/provinciaal-kampioenschap-cross-2\\\/\"},\"author\":{\"name\":\"Katrien Vanwolleghem\",\"@id\":\"https:\\\/\\\/www.kortrijksport.com\\\/kks\\\/#\\\/schema\\\/person\\\/12fb3aa74a37b7b1a09d31915a627daf\"},\"headline\":\"Provinciaal Kampioenschap cross\",\"datePublished\":\"2026-01-13T15:04:13+00:00\",\"dateModified\":\"2026-01-13T15:05:45+00:00\",\"mainEntityOfPage\":{\"@id\":\"https:\\\/\\\/www.kortrijksport.com\\\/kks\\\/2026\\\/01\\\/provinciaal-kampioenschap-cross-2\\\/\"},\"wordCount\":386,\"publisher\":{\"@id\":\"https:\\\/\\\/www.kortrijksport.com\\\/kks\\\/#organization\"},\"image\":{\"@id\":\"https:\\\/\\\/www.kortrijksport.com\\\/kks\\\/2026\\\/01\\\/provinciaal-kampioenschap-cross-2\\\/#primaryimage\"},\"thumbnailUrl\":\"https:\\\/\\\/www.kortrijksport.com\\\/kks\\\/wp-content\\\/uploads\\\/2026\\\/01\\\/meisjes-cadetten.jpg\",\"articleSection\":[\"blog\"],\"inLanguage\":\"nl-BE\"},{\"@type\":\"WebPage\",\"@id\":\"https:\\\/\\\/www.kortrijksport.com\\\/kks\\\/2026\\\/01\\\/provinciaal-kampioenschap-cross-2\\\/\",\"url\":\"https:\\\/\\\/www.kortrijksport.com\\\/kks\\\/2026\\\/01\\\/provinciaal-kampioenschap-cross-2\\\/\",\"name\":\"Provinciaal Kampioenschap cross | KKS\",\"isPartOf\":{\"@id\":\"https:\\\/\\\/www.kortrijksport.com\\\/kks\\\/#website\"},\"primaryImageOfPage\":{\"@id\":\"https:\\\/\\\/www.kortrijksport.com\\\/kks\\\/2026\\\/01\\\/provinciaal-kampioenschap-cross-2\\\/#primaryimage\"},\"image\":{\"@id\":\"https:\\\/\\\/www.kortrijksport.com\\\/kks\\\/2026\\\/01\\\/provinciaal-kampioenschap-cross-2\\\/#primaryimage\"},\"thumbnailUrl\":\"https:\\\/\\\/www.kortrijksport.com\\\/kks\\\/wp-content\\\/uploads\\\/2026\\\/01\\\/meisjes-cadetten.jpg\",\"datePublished\":\"2026-01-13T15:04:13+00:00\",\"dateModified\":\"2026-01-13T15:05:45+00:00\",\"breadcrumb\":{\"@id\":\"https:\\\/\\\/www.kortrijksport.com\\\/kks\\\/2026\\\/01\\\/provinciaal-kampioenschap-cross-2\\\/#breadcrumb\"},\"inLanguage\":\"nl-BE\",\"potentialAction\":[{\"@type\":\"ReadAction\",\"target\":[\"https:\\\/\\\/www.kortrijksport.com\\\/kks\\\/2026\\\/01\\\/provinciaal-kampioenschap-cross-2\\\/\"]}]},{\"@type\":\"ImageObject\",\"inLanguage\":\"nl-BE\",\"@id\":\"https:\\\/\\\/www.kortrijksport.com\\\/kks\\\/2026\\\/01\\\/provinciaal-kampioenschap-cross-2\\\/#primaryimage\",\"url\":\"https:\\\/\\\/www.kortrijksport.com\\\/kks\\\/wp-content\\\/uploads\\\/2026\\\/01\\\/meisjes-cadetten.jpg\",\"contentUrl\":\"https:\\\/\\\/www.kortrijksport.com\\\/kks\\\/wp-content\\\/uploads\\\/2026\\\/01\\\/meisjes-cadetten.jpg\",\"width\":1105,\"height\":990},{\"@type\":\"BreadcrumbList\",\"@id\":\"https:\\\/\\\/www.kortrijksport.com\\\/kks\\\/2026\\\/01\\\/provinciaal-kampioenschap-cross-2\\\/#breadcrumb\",\"itemListElement\":[{\"@type\":\"ListItem\",\"position\":1,\"name\":\"Home\",\"item\":\"https:\\\/\\\/www.kortrijksport.com\\\/kks\\\/\"},{\"@type\":\"ListItem\",\"position\":2,\"name\":\"Provinciaal Kampioenschap cross\"}]},{\"@type\":\"WebSite\",\"@id\":\"https:\\\/\\\/www.kortrijksport.com\\\/kks\\\/#website\",\"url\":\"https:\\\/\\\/www.kortrijksport.com\\\/kks\\\/\",\"name\":\"KKS\",\"description\":\"\",\"publisher\":{\"@id\":\"https:\\\/\\\/www.kortrijksport.com\\\/kks\\\/#organization\"},\"alternateName\":\"Kor. Kortrijk Sport Atletiek Spurs\",\"potentialAction\":[{\"@type\":\"SearchAction\",\"target\":{\"@type\":\"EntryPoint\",\"urlTemplate\":\"https:\\\/\\\/www.kortrijksport.com\\\/kks\\\/?s={search_term_string}\"},\"query-input\":{\"@type\":\"PropertyValueSpecification\",\"valueRequired\":true,\"valueName\":\"search_term_string\"}}],\"inLanguage\":\"nl-BE\"},{\"@type\":\"Organization\",\"@id\":\"https:\\\/\\\/www.kortrijksport.com\\\/kks\\\/#organization\",\"name\":\"Kon. Kortrijk Sport Atletiek Spurs\",\"alternateName\":\"KKS Atletiek\",\"url\":\"https:\\\/\\\/www.kortrijksport.com\\\/kks\\\/\",\"logo\":{\"@type\":\"ImageObject\",\"inLanguage\":\"nl-BE\",\"@id\":\"https:\\\/\\\/www.kortrijksport.com\\\/kks\\\/#\\\/schema\\\/logo\\\/image\\\/\",\"url\":\"https:\\\/\\\/www.kortrijksport.com\\\/kks\\\/wp-content\\\/uploads\\\/2023\\\/10\\\/kks.svg\",\"contentUrl\":\"https:\\\/\\\/www.kortrijksport.com\\\/kks\\\/wp-content\\\/uploads\\\/2023\\\/10\\\/kks.svg\",\"width\":250,\"height\":133,\"caption\":\"Kon. Kortrijk Sport Atletiek Spurs\"},\"image\":{\"@id\":\"https:\\\/\\\/www.kortrijksport.com\\\/kks\\\/#\\\/schema\\\/logo\\\/image\\\/\"},\"sameAs\":[\"https:\\\/\\\/www.facebook.com\\\/KKS.Kortrijk\",\"https:\\\/\\\/www.instagram.com\\\/kks.atletiek\\\/\",\"https:\\\/\\\/www.youtube.com\\\/@kks_atletiek\"]},{\"@type\":\"Person\",\"@id\":\"https:\\\/\\\/www.kortrijksport.com\\\/kks\\\/#\\\/schema\\\/person\\\/12fb3aa74a37b7b1a09d31915a627daf\",\"name\":\"Katrien Vanwolleghem\",\"image\":{\"@type\":\"ImageObject\",\"inLanguage\":\"nl-BE\",\"@id\":\"https:\\\/\\\/secure.gravatar.com\\\/avatar\\\/ba34bb6520267f2bd448d561146eb86ef9a74308a50485ce003660f514971804?s=96&d=mm&r=g\",\"url\":\"https:\\\/\\\/secure.gravatar.com\\\/avatar\\\/ba34bb6520267f2bd448d561146eb86ef9a74308a50485ce003660f514971804?s=96&d=mm&r=g\",\"contentUrl\":\"https:\\\/\\\/secure.gravatar.com\\\/avatar\\\/ba34bb6520267f2bd448d561146eb86ef9a74308a50485ce003660f514971804?s=96&d=mm&r=g\",\"caption\":\"Katrien Vanwolleghem\"}}]}<\/script>\n<!-- \/ Yoast SEO plugin. -->","yoast_head_json":{"title":"Provinciaal Kampioenschap cross | KKS","robots":{"index":"index","follow":"follow","max-snippet":"max-snippet:-1","max-image-preview":"max-image-preview:large","max-video-preview":"max-video-preview:-1"},"canonical":"https:\/\/www.kortrijksport.com\/kks\/2026\/01\/provinciaal-kampioenschap-cross-2\/","og_locale":"nl_BE","og_type":"article","og_title":"Provinciaal Kampioenschap cross | KKS","og_description":"Van gladde wegen zoals vorige week was er deze keer gelukkig geen sprake. Hoewel koude temperaturen werden voorspeld, bleef neerslag uit en nam de wind pas in de late namiddag wat toe. De kou viel uiteindelijk goed mee en niemand had klachten. Zich dik aankleden om te lopen was niet nodig: heel wat van onze [&hellip;]","og_url":"https:\/\/www.kortrijksport.com\/kks\/2026\/01\/provinciaal-kampioenschap-cross-2\/","og_site_name":"KKS","article_publisher":"https:\/\/www.facebook.com\/KKS.Kortrijk","article_published_time":"2026-01-13T15:04:13+00:00","article_modified_time":"2026-01-13T15:05:45+00:00","og_image":[{"width":1105,"height":990,"url":"https:\/\/www.kortrijksport.com\/kks\/wp-content\/uploads\/2026\/01\/meisjes-cadetten.jpg","type":"image\/jpeg"}],"author":"Katrien Vanwolleghem","twitter_card":"summary_large_image","twitter_misc":{"Geschreven door":"Katrien Vanwolleghem","Geschatte leestijd":"3 minuten"},"schema":{"@context":"https:\/\/schema.org","@graph":[{"@type":"NewsArticle","@id":"https:\/\/www.kortrijksport.com\/kks\/2026\/01\/provinciaal-kampioenschap-cross-2\/#article","isPartOf":{"@id":"https:\/\/www.kortrijksport.com\/kks\/2026\/01\/provinciaal-kampioenschap-cross-2\/"},"author":{"name":"Katrien Vanwolleghem","@id":"https:\/\/www.kortrijksport.com\/kks\/#\/schema\/person\/12fb3aa74a37b7b1a09d31915a627daf"},"headline":"Provinciaal Kampioenschap cross","datePublished":"2026-01-13T15:04:13+00:00","dateModified":"2026-01-13T15:05:45+00:00","mainEntityOfPage":{"@id":"https:\/\/www.kortrijksport.com\/kks\/2026\/01\/provinciaal-kampioenschap-cross-2\/"},"wordCount":386,"publisher":{"@id":"https:\/\/www.kortrijksport.com\/kks\/#organization"},"image":{"@id":"https:\/\/www.kortrijksport.com\/kks\/2026\/01\/provinciaal-kampioenschap-cross-2\/#primaryimage"},"thumbnailUrl":"https:\/\/www.kortrijksport.com\/kks\/wp-content\/uploads\/2026\/01\/meisjes-cadetten.jpg","articleSection":["blog"],"inLanguage":"nl-BE"},{"@type":"WebPage","@id":"https:\/\/www.kortrijksport.com\/kks\/2026\/01\/provinciaal-kampioenschap-cross-2\/","url":"https:\/\/www.kortrijksport.com\/kks\/2026\/01\/provinciaal-kampioenschap-cross-2\/","name":"Provinciaal Kampioenschap cross | KKS","isPartOf":{"@id":"https:\/\/www.kortrijksport.com\/kks\/#website"},"primaryImageOfPage":{"@id":"https:\/\/www.kortrijksport.com\/kks\/2026\/01\/provinciaal-kampioenschap-cross-2\/#primaryimage"},"image":{"@id":"https:\/\/www.kortrijksport.com\/kks\/2026\/01\/provinciaal-kampioenschap-cross-2\/#primaryimage"},"thumbnailUrl":"https:\/\/www.kortrijksport.com\/kks\/wp-content\/uploads\/2026\/01\/meisjes-cadetten.jpg","datePublished":"2026-01-13T15:04:13+00:00","dateModified":"2026-01-13T15:05:45+00:00","breadcrumb":{"@id":"https:\/\/www.kortrijksport.com\/kks\/2026\/01\/provinciaal-kampioenschap-cross-2\/#breadcrumb"},"inLanguage":"nl-BE","potentialAction":[{"@type":"ReadAction","target":["https:\/\/www.kortrijksport.com\/kks\/2026\/01\/provinciaal-kampioenschap-cross-2\/"]}]},{"@type":"ImageObject","inLanguage":"nl-BE","@id":"https:\/\/www.kortrijksport.com\/kks\/2026\/01\/provinciaal-kampioenschap-cross-2\/#primaryimage","url":"https:\/\/www.kortrijksport.com\/kks\/wp-content\/uploads\/2026\/01\/meisjes-cadetten.jpg","contentUrl":"https:\/\/www.kortrijksport.com\/kks\/wp-content\/uploads\/2026\/01\/meisjes-cadetten.jpg","width":1105,"height":990},{"@type":"BreadcrumbList","@id":"https:\/\/www.kortrijksport.com\/kks\/2026\/01\/provinciaal-kampioenschap-cross-2\/#breadcrumb","itemListElement":[{"@type":"ListItem","position":1,"name":"Home","item":"https:\/\/www.kortrijksport.com\/kks\/"},{"@type":"ListItem","position":2,"name":"Provinciaal Kampioenschap cross"}]},{"@type":"WebSite","@id":"https:\/\/www.kortrijksport.com\/kks\/#website","url":"https:\/\/www.kortrijksport.com\/kks\/","name":"KKS","description":"","publisher":{"@id":"https:\/\/www.kortrijksport.com\/kks\/#organization"},"alternateName":"Kor. Kortrijk Sport Atletiek Spurs","potentialAction":[{"@type":"SearchAction","target":{"@type":"EntryPoint","urlTemplate":"https:\/\/www.kortrijksport.com\/kks\/?s={search_term_string}"},"query-input":{"@type":"PropertyValueSpecification","valueRequired":true,"valueName":"search_term_string"}}],"inLanguage":"nl-BE"},{"@type":"Organization","@id":"https:\/\/www.kortrijksport.com\/kks\/#organization","name":"Kon. Kortrijk Sport Atletiek Spurs","alternateName":"KKS Atletiek","url":"https:\/\/www.kortrijksport.com\/kks\/","logo":{"@type":"ImageObject","inLanguage":"nl-BE","@id":"https:\/\/www.kortrijksport.com\/kks\/#\/schema\/logo\/image\/","url":"https:\/\/www.kortrijksport.com\/kks\/wp-content\/uploads\/2023\/10\/kks.svg","contentUrl":"https:\/\/www.kortrijksport.com\/kks\/wp-content\/uploads\/2023\/10\/kks.svg","width":250,"height":133,"caption":"Kon. Kortrijk Sport Atletiek Spurs"},"image":{"@id":"https:\/\/www.kortrijksport.com\/kks\/#\/schema\/logo\/image\/"},"sameAs":["https:\/\/www.facebook.com\/KKS.Kortrijk","https:\/\/www.instagram.com\/kks.atletiek\/","https:\/\/www.youtube.com\/@kks_atletiek"]},{"@type":"Person","@id":"https:\/\/www.kortrijksport.com\/kks\/#\/schema\/person\/12fb3aa74a37b7b1a09d31915a627daf","name":"Katrien Vanwolleghem","image":{"@type":"ImageObject","inLanguage":"nl-BE","@id":"https:\/\/secure.gravatar.com\/avatar\/ba34bb6520267f2bd448d561146eb86ef9a74308a50485ce003660f514971804?s=96&d=mm&r=g","url":"https:\/\/secure.gravatar.com\/avatar\/ba34bb6520267f2bd448d561146eb86ef9a74308a50485ce003660f514971804?s=96&d=mm&r=g","contentUrl":"https:\/\/secure.gravatar.com\/avatar\/ba34bb6520267f2bd448d561146eb86ef9a74308a50485ce003660f514971804?s=96&d=mm&r=g","caption":"Katrien Vanwolleghem"}}]}},"_links":{"self":[{"href":"https:\/\/www.kortrijksport.com\/kks\/wp-json\/wp\/v2\/posts\/1895","targetHints":{"allow":["GET"]}}],"collection":[{"href":"https:\/\/www.kortrijksport.com\/kks\/wp-json\/wp\/v2\/posts"}],"about":[{"href":"https:\/\/www.kortrijksport.com\/kks\/wp-json\/wp\/v2\/types\/post"}],"author":[{"embeddable":true,"href":"https:\/\/www.kortrijksport.com\/kks\/wp-json\/wp\/v2\/users\/12"}],"replies":[{"embeddable":true,"href":"https:\/\/www.kortrijksport.com\/kks\/wp-json\/wp\/v2\/comments?post=1895"}],"version-history":[{"count":4,"href":"https:\/\/www.kortrijksport.com\/kks\/wp-json\/wp\/v2\/posts\/1895\/revisions"}],"predecessor-version":[{"id":1903,"href":"https:\/\/www.kortrijksport.com\/kks\/wp-json\/wp\/v2\/posts\/1895\/revisions\/1903"}],"wp:featuredmedia":[{"embeddable":true,"href":"https:\/\/www.kortrijksport.com\/kks\/wp-json\/wp\/v2\/media\/1898"}],"wp:attachment":[{"href":"https:\/\/www.kortrijksport.com\/kks\/wp-json\/wp\/v2\/media?parent=1895"}],"wp:term":[{"taxonomy":"category","embeddable":true,"href":"https:\/\/www.kortrijksport.com\/kks\/wp-json\/wp\/v2\/categories?post=1895"},{"taxonomy":"post_tag","embeddable":true,"href":"https:\/\/www.kortrijksport.com\/kks\/wp-json\/wp\/v2\/tags?post=1895"}],"curies":[{"name":"wp","href":"https:\/\/api.w.org\/{rel}","templated":true}]}}